{"id":3994,"date":"2024-03-06T11:20:13","date_gmt":"2024-03-06T15:20:13","guid":{"rendered":"https:\/\/fondationmms.org\/notre-fondation-est-en-deuil\/"},"modified":"2024-09-17T10:41:11","modified_gmt":"2024-09-17T14:41:11","slug":"notre-fondation-est-en-deuil","status":"publish","type":"post","link":"https:\/\/fondationmms.org\/fr\/notre-fondation-est-en-deuil\/","title":{"rendered":"Notre fondation est en deuil"},"content":{"rendered":"<figure>\n\t\t\t\t\t\t\t\t\t\t<img fetchpriority=\"high\" decoding=\"async\" width=\"800\" height=\"603\" src=\"https:\/\/fondationmms.org\/wp-content\/uploads\/2024\/03\/Picture1-1024x772.jpg\" alt=\"\" srcset=\"https:\/\/fondationmms.org\/wp-content\/uploads\/2024\/03\/Picture1-1024x772.jpg 1024w, https:\/\/fondationmms.org\/wp-content\/uploads\/2024\/03\/Picture1-300x226.jpg 300w, https:\/\/fondationmms.org\/wp-content\/uploads\/2024\/03\/Picture1-768x579.jpg 768w, https:\/\/fondationmms.org\/wp-content\/uploads\/2024\/03\/Picture1.jpg 1430w\" sizes=\"(max-width: 800px) 100vw, 800px\" \/><figcaption>Maria Helena (au milieu) avec l&rsquo;\u00e9quipe d&rsquo;anesth\u00e9sie<\/figcaption><\/figure>\n<p>La Fondation M\u00e8res du Monde en Sant\u00e9 est tr\u00e8s triste d&rsquo;annoncer le d\u00e9c\u00e8s r\u00e9cent de notre jeune amie et coll\u00e8gue Dre Maria Helena Calixto Fernandes. Maria Helena a particip\u00e9 \u00e0 notre mission au Togo en avril 2023 et a enchant\u00e9 tout notre groupe et l&rsquo;\u00e9quipe avec laquelle elle travaillait par sa joie, son travail minutieux d&rsquo;anesth\u00e9siste et sa participation sympathique \u00e0 la vie de FMMS. Elle a ensuite soutenu FMMS en s&rsquo;impliquant dans certains de nos projets et a promis de revenir travailler avec nous en Afrique d\u00e8s qu&rsquo;elle s&rsquo;\u00e9tait \u00e9tablie comme anesth\u00e9siste au Qu\u00e9bec.<\/p>\n<p>Maria Helena repose en paix, tu vas beaucoup manquer \u00e0 tous ceux qui t&rsquo;ont connue. Nos coll\u00e8gues africains se joignent \u00e0 nous pour pr\u00e9senter nos plus sinc\u00e8res condol\u00e9ances \u00e0 vos filles et \u00e0 votre famille au Br\u00e9sil dont vous nous avez tant parl\u00e9.<\/p>\n","protected":false},"excerpt":{"rendered":"<p>Maria Helena (au milieu) avec l&rsquo;\u00e9quipe d&rsquo;anesth\u00e9sie La Fondation M\u00e8res du Monde en Sant\u00e9 est tr\u00e8s triste d&rsquo;annoncer le d\u00e9c\u00e8s r\u00e9cent de notre jeune amie et coll\u00e8gue Dre Maria Helena Calixto Fernandes. Maria Helena a particip\u00e9 \u00e0 notre mission au Togo en avril 2023 et a enchant\u00e9 tout notre groupe et l&rsquo;\u00e9quipe avec laquelle elle [&hellip;]<\/p>\n","protected":false},"author":6,"featured_media":3852,"comment_status":"closed","ping_status":"closed","sticky":false,"template":"","format":"standard","meta":{"footnotes":""},"categories":[31],"tags":[32],"class_list":["post-3994","post","type-post","status-publish","format-standard","has-post-thumbnail","hentry","category-articles","tag-featured-fr"],"_links":{"self":[{"href":"https:\/\/fondationmms.org\/fr\/wp-json\/wp\/v2\/posts\/3994","targetHints":{"allow":["GET"]}}],"collection":[{"href":"https:\/\/fondationmms.org\/fr\/wp-json\/wp\/v2\/posts"}],"about":[{"href":"https:\/\/fondationmms.org\/fr\/wp-json\/wp\/v2\/types\/post"}],"author":[{"embeddable":true,"href":"https:\/\/fondationmms.org\/fr\/wp-json\/wp\/v2\/users\/6"}],"replies":[{"embeddable":true,"href":"https:\/\/fondationmms.org\/fr\/wp-json\/wp\/v2\/comments?post=3994"}],"version-history":[{"count":0,"href":"https:\/\/fondationmms.org\/fr\/wp-json\/wp\/v2\/posts\/3994\/revisions"}],"wp:featuredmedia":[{"embeddable":true,"href":"https:\/\/fondationmms.org\/fr\/wp-json\/wp\/v2\/media\/3852"}],"wp:attachment":[{"href":"https:\/\/fondationmms.org\/fr\/wp-json\/wp\/v2\/media?parent=3994"}],"wp:term":[{"taxonomy":"category","embeddable":true,"href":"https:\/\/fondationmms.org\/fr\/wp-json\/wp\/v2\/categories?post=3994"},{"taxonomy":"post_tag","embeddable":true,"href":"https:\/\/fondationmms.org\/fr\/wp-json\/wp\/v2\/tags?post=3994"}],"curies":[{"name":"wp","href":"https:\/\/api.w.org\/{rel}","templated":true}]}}